{"id":1003,"date":"2026-09-01T12:59:56","date_gmt":"2026-09-01T10:59:56","guid":{"rendered":"https:\/\/ixtar.net\/?p=1003"},"modified":"2026-09-01T13:00:08","modified_gmt":"2026-09-01T11:00:08","slug":"programacion-oficial","status":"publish","type":"post","link":"https:\/\/ixtar.net\/es\/programacion-oficial\/","title":{"rendered":"PROGRAMACI\u00d3N OFICIAL XXVII MOSTRA DE IXTAR CURTS"},"content":{"rendered":"\n<p class=\"wp-block-paragraph\">\u200bLa Mostra Ixtar Curts, impulsada por el Ajuntament de Sant Antoni de Portmany y bajo la direcci\u00f3n de la actriz Nuria Santos y el promotor cultural Ramon Mayol, celebra su XXVII edici\u00f3n, consolid\u00e1ndose como la Muestra de Cortometrajes m\u00e1s antigua de las Islas Baleares.\u200b<\/p>\n\n\n\n<p class=\"wp-block-paragraph\">Este certamen constituye un pilar estrat\u00e9gico para el fomento, la difusi\u00f3n y el desarrollo del sector audiovisual balear, posicionando al municipio de Sant Antoni de Portmany y a la isla de Ibiza como espacio de referencia para el cine emergente y el punto de encuentro entre creadores, profesionales de la industria y la ciudadan\u00eda.\u200b<\/p>\n\n\n\n<p class=\"wp-block-paragraph\">PROGRAMA OFICIAL\u200b<\/p>\n\n\n\n<p class=\"wp-block-paragraph\">Viernes, 4 de septiembre de 2026\u200b<\/p>\n\n\n\n<p class=\"wp-block-paragraph\">Sede: Pla\u00e7a de darrere de l&#8217;esgl\u00e9sia, Sant Antoni de Portmany\u200b<\/p>\n\n\n\n<p class=\"wp-block-paragraph\">20:00 h \u2014 Acto de Apertura Institucional e Inauguraci\u00f3n de la XXVII Edici\u00f3n.<\/p>\n\n\n\n<p class=\"wp-block-paragraph\">\u200bPresentaci\u00f3n a cargo del actor Miguel Vingut.\u200b20:30 h <\/p>\n\n\n\n<p class=\"wp-block-paragraph\">\u2014 Sesi\u00f3n de Proyecciones: Selecci\u00f3n Balear y Auton\u00f3mica.\u200b<\/p>\n\n\n\n<p class=\"wp-block-paragraph\">Proyecci\u00f3n especial fuera de concurso: EnVIA2 (Joan Francol\u00ed).\u200b<\/p>\n\n\n\n<p class=\"wp-block-paragraph\">T\u00edtulos de la jornada: El res\u00f3 de la mirada, Veganos, Check Out, Sub-Text, Lady in Red.\u200b<\/p>\n\n\n\n<p class=\"wp-block-paragraph\">21:45 h \u2014 Apertura del proceso de votaci\u00f3n del Jurado Popular.\u200b<\/p>\n\n\n\n<p class=\"wp-block-paragraph\">22:00 h \u2014 Ceremonia Oficial de Entrega de Premios y Cena de Gala.<\/p>\n\n\n\n<p class=\"wp-block-paragraph\">\u200bS\u00e1bado, 5 de septiembre de 2026\u200b<\/p>\n\n\n\n<p class=\"wp-block-paragraph\">Jornada T\u00e9cnica de Industria: \u201cLas voces del rodaje\u201d<\/p>\n\n\n\n<p class=\"wp-block-paragraph\">\u200bSede: BiBo Hive Caf\u00e9 Ibiza (BiBo Park)\u200b11:30 h<\/p>\n\n\n\n<p class=\"wp-block-paragraph\"> \u2014 Panel de debate y encuentro profesional.\u200bModeraci\u00f3n: Imma Puerto.\u200bIntervinientes: Elena Octavia (Actriz), \u00c0ngels Mart\u00ednez (Directora de casting), Eric Franc\u00e9s (Actor), Pablo Alc\u00e1ntara (Productor), Mar\u00eda Guerra (Directora), Nuria Santos (Coordinadora de la Mostra) y Manolo Matoses (Director de fotograf\u00eda).\u200b<\/p>\n\n\n\n<p class=\"wp-block-paragraph\">Objetivo: An\u00e1lisis integral del proceso de producci\u00f3n cinematogr\u00e1fica y articulaci\u00f3n del dise\u00f1o de rodaje.<\/p>\n\n\n\n<p class=\"wp-block-paragraph\">\u200bSesi\u00f3n Oficial Internacional<\/p>\n\n\n\n<p class=\"wp-block-paragraph\">\u200bSede: Pla\u00e7a de darrere de l&#8217;esgl\u00e9sia, Sant Antoni de Portmany\u200b<\/p>\n\n\n\n<p class=\"wp-block-paragraph\">20:00 h \u2014 Presentaci\u00f3n de la Secci\u00f3n Oficial a cargo del actor Gabriel Cortal.\u200b20:30 h <\/p>\n\n\n\n<p class=\"wp-block-paragraph\">\u2014 Sesi\u00f3n de Proyecciones: Selecci\u00f3n Oficial Internacional y Estatal.\u200bProyecci\u00f3n especial fuera de concurso: Tao\u2019a (Leo Pakarati).\u200bT\u00edtulos en competici\u00f3n: Raffaella Johnson, El reto, Duele la lluvia, Las nuestras, Luci\u00e9rnagas, Manol\u00edn, El revisor, Historia de un chico triste, Carta de luz, Good bye Carabanchel.\u200b<\/p>\n\n\n\n<p class=\"wp-block-paragraph\">MARCO INSTITUCIONAL, PATROCINIOS Y COLABORACIONES\u200b<\/p>\n\n\n\n<p class=\"wp-block-paragraph\">La organizaci\u00f3n de la XXVII Mostra Ixtar Curts se desarrolla bajo el patrocinio institucional principal del Ajuntament de Sant Antoni de Portmany y el patrocinio del Hostal Anibal, junto con el respaldo de Fundaci\u00f3 Bale\u00e0ria, CB Group, Ibigrafic y Bonito Ibiza.\u200b<\/p>\n\n\n\n<p class=\"wp-block-paragraph\">El certamen cuenta con la colaboraci\u00f3n especial de la asociaci\u00f3n LGTBIQA+ La llave  del  armario-Sa clau de s&#8217;armari, as\u00ed como de las siguientes entidades del tejido cultural y empresarial: Produccions A\u00efllades, Melqart Media, BiBo Park, Delbes Ibiza, Mogardo, Hostal Mar\u00ed, Restaurant S&#8217;Avaradero, Esgl\u00e9sia de Sant Antoni, Associaci\u00f3 de Ve\u00efns de Sant Antoni, Can Rich, Taberna Cebo, Ripax Mobility, BioHive, Alice Von der Law y Grafitec y de nuestro fabuloso voluntariado<\/p>\n\n\n\n<p class=\"wp-block-paragraph\">Galard\u00f3n  Institucional: Obra art\u00edstica \u201cV\u201d, pieza conmemorativa original de la serie Peces y \u00c1rboles creada por la escultora Elena Abeni (EL.Rol), acompa\u00f1ada del correspondiente certificado de autenticidad.\u200b<\/p>\n\n\n\n<p class=\"wp-block-paragraph\"><\/p>\n\n\n\n<figure class=\"wp-block-image size-full\"><img loading=\"lazy\" decoding=\"async\" width=\"1270\" height=\"1708\" src=\"https:\/\/ixtar.net\/wp-content\/uploads\/2026\/08\/IMG-20260819-WA0028.jpg\" alt=\"\" class=\"wp-image-945\" srcset=\"https:\/\/ixtar.net\/wp-content\/uploads\/2026\/08\/IMG-20260819-WA0028.jpg 1270w, https:\/\/ixtar.net\/wp-content\/uploads\/2026\/08\/IMG-20260819-WA0028-223x300.jpg 223w, https:\/\/ixtar.net\/wp-content\/uploads\/2026\/08\/IMG-20260819-WA0028-761x1024.jpg 761w, https:\/\/ixtar.net\/wp-content\/uploads\/2026\/08\/IMG-20260819-WA0028-768x1033.jpg 768w, https:\/\/ixtar.net\/wp-content\/uploads\/2026\/08\/IMG-20260819-WA0028-1142x1536.jpg 1142w, https:\/\/ixtar.net\/wp-content\/uploads\/2026\/08\/IMG-20260819-WA0028-700x941.jpg 700w\" sizes=\"auto, (max-width: 1270px) 100vw, 1270px\" \/><\/figure>\n","protected":false},"excerpt":{"rendered":"<p>\u200bLa Mostra Ixtar Curts, impulsada por el Ajuntament de Sant Antoni de Portmany y bajo la direcci\u00f3n de la actriz Nuria Santos y el promotor cultural Ramon Mayol, celebra su XXVII edici\u00f3n, consolid\u00e1ndose como la Muestra de Cortometrajes m\u00e1s antigua de las Islas Baleares.\u200b Este&#8230;<\/p>\n","protected":false},"author":2,"featured_media":1004,"comment_status":"open","ping_status":"open","sticky":false,"template":"","format":"standard","meta":{"_jetpack_memberships_contains_paid_content":false,"footnotes":""},"categories":[113,114],"tags":[24,43,124,96,17,137,73,21,26,22,18,25,19,20,149],"class_list":["post-1003","post","type-post","status-publish","format-standard","has-post-thumbnail","hentry","category-edicion-2026","category-noticias-2026","tag-ajuntament-de-sant-antoni-de-portmany","tag-cine","tag-cineforum-uib-eivissa","tag-cortometrajes","tag-crts","tag-curtmetratges","tag-curts","tag-eivissa","tag-festes-de-sant-bartomeu","tag-ibiza","tag-mostra","tag-san-bartomeu-2025","tag-sant-antoni-de-portmany","tag-sant-bartomeu","tag-xxvii-mostra-de-ixtar-curts"],"jetpack_featured_media_url":"https:\/\/ixtar.net\/wp-content\/uploads\/2026\/09\/IMG-20260901-WA0017.jpg","jetpack_sharing_enabled":true,"_links":{"self":[{"href":"https:\/\/ixtar.net\/es\/wp-json\/wp\/v2\/posts\/1003","targetHints":{"allow":["GET"]}}],"collection":[{"href":"https:\/\/ixtar.net\/es\/wp-json\/wp\/v2\/posts"}],"about":[{"href":"https:\/\/ixtar.net\/es\/wp-json\/wp\/v2\/types\/post"}],"author":[{"embeddable":true,"href":"https:\/\/ixtar.net\/es\/wp-json\/wp\/v2\/users\/2"}],"replies":[{"embeddable":true,"href":"https:\/\/ixtar.net\/es\/wp-json\/wp\/v2\/comments?post=1003"}],"version-history":[{"count":1,"href":"https:\/\/ixtar.net\/es\/wp-json\/wp\/v2\/posts\/1003\/revisions"}],"predecessor-version":[{"id":1010,"href":"https:\/\/ixtar.net\/es\/wp-json\/wp\/v2\/posts\/1003\/revisions\/1010"}],"wp:featuredmedia":[{"embeddable":true,"href":"https:\/\/ixtar.net\/es\/wp-json\/wp\/v2\/media\/1004"}],"wp:attachment":[{"href":"https:\/\/ixtar.net\/es\/wp-json\/wp\/v2\/media?parent=1003"}],"wp:term":[{"taxonomy":"category","embeddable":true,"href":"https:\/\/ixtar.net\/es\/wp-json\/wp\/v2\/categories?post=1003"},{"taxonomy":"post_tag","embeddable":true,"href":"https:\/\/ixtar.net\/es\/wp-json\/wp\/v2\/tags?post=1003"}],"curies":[{"name":"wp","href":"https:\/\/api.w.org\/{rel}","templated":true}]}}