{"id":891,"date":"2026-07-31T12:09:22","date_gmt":"2026-07-31T10:09:22","guid":{"rendered":"https:\/\/ixtar.net\/?p=891"},"modified":"2026-07-31T12:09:26","modified_gmt":"2026-07-31T10:09:26","slug":"ixtar-curts-2026-amplia-inscripcion","status":"publish","type":"post","link":"https:\/\/ixtar.net\/es\/ixtar-curts-2026-amplia-inscripcion\/","title":{"rendered":"LA MOSTRA IXTAR CURTS 2026 AMPLIA EL PLAZO DE INSCRIPCI\u00d3N"},"content":{"rendered":"\n<p class=\"wp-block-paragraph\">\u200bLa Mostra Ixtar Curts amplia plazo de inscripci\u00f3n e impulsa el talento audiovisual con dos jornadas de proyecciones\u200b<\/p>\n\n\n\n<p class=\"wp-block-paragraph\">La Mostra Ixtar Curts, el certamen cinematogr\u00e1fico m\u00e1s antiguo de las Islas Baleares, refuerza en este 2026 su papel como motor cultural del municipio y de toda la isla con una noticia que ampl\u00eda horizontes: el plazo de presentaci\u00f3n de trabajos se extiende hasta el 10 de agosto. <\/p>\n\n\n\n<p class=\"wp-block-paragraph\">Esta decisi\u00f3n busca facilitar la participaci\u00f3n de m\u00e1s creadoras y creadores, manteniendo vivo un ecosistema audiovisual en plena efervescencia.\u200b<\/p>\n\n\n\n<p class=\"wp-block-paragraph\">Novedades de la edici\u00f3n 2026\u200b<\/p>\n\n\n\n<p class=\"wp-block-paragraph\">El certamen \u2014integrado en el programa de fiestas patronales del Ayuntamiento de Sant Antoni de Portmany\u2014 da un paso adelante este a\u00f1o y se expande a dos jornadas de proyecciones, que se celebrar\u00e1n los d\u00edas 4 y 5 de septiembre a partir de las 19:30 h en su emblem\u00e1tico escenario habitual: la Plaza norte de la Iglesia de Sant Antoni.<\/p>\n\n\n\n<p class=\"wp-block-paragraph\">\u200bViernes, 4 de septiembre: <\/p>\n\n\n\n<p class=\"wp-block-paragraph\">Jornada dedicada \u00edntegramente a los cortometrajes baleares, reafirmando una apuesta firme por el talento de proximidad.\u200b<\/p>\n\n\n\n<p class=\"wp-block-paragraph\">S\u00e1bado, 5 de septiembre: Proyecci\u00f3n de la secci\u00f3n oficial, donde se exhibir\u00e1n trabajos procedentes de diversos puntos del pa\u00eds.\u200b<\/p>\n\n\n\n<p class=\"wp-block-paragraph\">Inscripciones y participaci\u00f3n\u200b<\/p>\n\n\n\n<p class=\"wp-block-paragraph\">Las obras pueden enviarse a trav\u00e9s de la plataforma FestHome, que vuelve a ser el canal oficial de inscripci\u00f3n para los cineastas interesados.\u200bEl crecimiento continuo de la Mostra refleja el dinamismo cultural de Sant Antoni y de Eivissa, consolidando iniciativas que impulsan y fortalecen la creaci\u00f3n audiovisual local.\u200b<\/p>\n\n\n\n<p class=\"wp-block-paragraph\">Reconocimientos y Premios de Honor<\/p>\n\n\n\n<p class=\"wp-block-paragraph\">\u200bEn su compromiso continuo con la difusi\u00f3n y proyecci\u00f3n del sector:<\/p>\n\n\n\n<p class=\"wp-block-paragraph\">\u200bPremio de Honor Local: Otorgado al ciclo Cinef\u00f2rum, en reconocimiento a su labor continuada tanto en la sede de la UIB de Eivissa como en el Auditori del Conservatori Professional de M\u00fasica i Dansa d\u2019Eivissa i Formentera. Adem\u00e1s, el ciclo ha anunciado que a partir de septiembre incorporar\u00e1 la proyecci\u00f3n de un cortometraje antes de cada pel\u00edcula.\u200b<\/p>\n\n\n\n<p class=\"wp-block-paragraph\">Premio de Honor General: Pr\u00f3ximamente se anunciar\u00e1 la personalidad reconocida en esta edici\u00f3n, tomando el relevo de la productora Ana Saura, galardonada en la pasada entrega por su contribuci\u00f3n al desarrollo del audiovisual en la isla.<\/p>\n\n\n\n<p class=\"wp-block-paragraph\">\u200bEquipo y trayectoria\u200b<\/p>\n\n\n\n<p class=\"wp-block-paragraph\">La direcci\u00f3n de la Mostra est\u00e1 liderada por el promotor cultural Ramon Mayol y la actriz Nuria Santos, acompa\u00f1ados por un equipo t\u00e9cnico y de producci\u00f3n clave para garantizar la calidad organizativa del evento:\u200bManolo Matoses, Toni Mart\u00ed y Jean Pierre Quiroz asumen diversas responsabilidades t\u00e9cnicas, operativas y de producci\u00f3n que hacen posible el desarrollo del certamen.\u200b<\/p>\n\n\n\n<p class=\"wp-block-paragraph\">Con sus or\u00edgenes a finales de los a\u00f1os 90, la Mostra Ixtar Curts se consolida como un referente cultural imprescindible: un espacio dedicado a impulsar el talento emergente y a proyectar la identidad cultural de Sant Antoni y de toda la isla de Eivissa.<\/p>\n\n\n\n<p class=\"wp-block-paragraph\"><\/p>\n","protected":false},"excerpt":{"rendered":"<p>\u200bLa Mostra Ixtar Curts amplia plazo de inscripci\u00f3n e impulsa el talento audiovisual con dos jornadas de proyecciones\u200b La Mostra Ixtar Curts, el certamen cinematogr\u00e1fico m\u00e1s antiguo de las Islas Baleares, refuerza en este 2026 su papel como motor cultural del municipio y de toda&#8230;<\/p>\n","protected":false},"author":2,"featured_media":892,"comment_status":"open","ping_status":"open","sticky":false,"template":"","format":"standard","meta":{"_jetpack_memberships_contains_paid_content":false,"footnotes":""},"categories":[113,114],"tags":[24,26,16,18,105,104,19,20],"class_list":["post-891","post","type-post","status-publish","format-standard","has-post-thumbnail","hentry","category-edicion-2026","category-noticias-2026","tag-ajuntament-de-sant-antoni-de-portmany","tag-festes-de-sant-bartomeu","tag-ixtar","tag-mostra","tag-mostra-curts-pitiusos","tag-mostra-general-2026","tag-sant-antoni-de-portmany","tag-sant-bartomeu"],"jetpack_featured_media_url":"https:\/\/ixtar.net\/wp-content\/uploads\/2026\/07\/IxtarCurts26_1-scaled.jpg","jetpack_sharing_enabled":true,"_links":{"self":[{"href":"https:\/\/ixtar.net\/es\/wp-json\/wp\/v2\/posts\/891","targetHints":{"allow":["GET"]}}],"collection":[{"href":"https:\/\/ixtar.net\/es\/wp-json\/wp\/v2\/posts"}],"about":[{"href":"https:\/\/ixtar.net\/es\/wp-json\/wp\/v2\/types\/post"}],"author":[{"embeddable":true,"href":"https:\/\/ixtar.net\/es\/wp-json\/wp\/v2\/users\/2"}],"replies":[{"embeddable":true,"href":"https:\/\/ixtar.net\/es\/wp-json\/wp\/v2\/comments?post=891"}],"version-history":[{"count":1,"href":"https:\/\/ixtar.net\/es\/wp-json\/wp\/v2\/posts\/891\/revisions"}],"predecessor-version":[{"id":895,"href":"https:\/\/ixtar.net\/es\/wp-json\/wp\/v2\/posts\/891\/revisions\/895"}],"wp:featuredmedia":[{"embeddable":true,"href":"https:\/\/ixtar.net\/es\/wp-json\/wp\/v2\/media\/892"}],"wp:attachment":[{"href":"https:\/\/ixtar.net\/es\/wp-json\/wp\/v2\/media?parent=891"}],"wp:term":[{"taxonomy":"category","embeddable":true,"href":"https:\/\/ixtar.net\/es\/wp-json\/wp\/v2\/categories?post=891"},{"taxonomy":"post_tag","embeddable":true,"href":"https:\/\/ixtar.net\/es\/wp-json\/wp\/v2\/tags?post=891"}],"curies":[{"name":"wp","href":"https:\/\/api.w.org\/{rel}","templated":true}]}}