{"id":897,"date":"2026-08-08T12:31:09","date_gmt":"2026-08-08T10:31:09","guid":{"rendered":"https:\/\/ixtar.net\/?p=897"},"modified":"2026-08-08T13:02:47","modified_gmt":"2026-08-08T11:02:47","slug":"hostal-anibal-13a","status":"publish","type":"post","link":"https:\/\/ixtar.net\/es\/hostal-anibal-13a\/","title":{"rendered":"EL CINE CON SELLO IBICENCO LLENA EL HOSTAL AN\u00cdBAL EN LOS &lt;JUEVES DE CA\u00d1AS Y CORTOS> EL PR\u00d3XIMO 13 DE AGOSTO."},"content":{"rendered":"\n<p class=\"wp-block-paragraph\">El cine con sello ibicenco llena el Hostal An\u00edbal en los \u00abJueves de Ca\u00f1as y Cortometrajes\u00bb de Mostra Ixtar Curts.<\/p>\n\n\n\n<p class=\"wp-block-paragraph\">Aprovechamos para recordar que el 10 de agosto finaliza el plazo de presentaci\u00f3n de cortos para la actual edici\u00f3n <a href=\"https:\/\/share.google\/pOeCmloKzoXTA3GC1\">en<\/a><\/p>\n\n\n\n<p class=\"wp-block-paragraph\">\u200bEl s\u00e9ptimo arte vuelve a tomar el pulso de la cultura local en Ibiza. En el marco del festival Mostra Ixtar Curts, el Hostal An\u00edbal acoge una cita muy especial dentro de su programaci\u00f3n: los emblem\u00e1ticos \u00abJueves de Ca\u00f1as y Cortometrajes\u00bb.\u200b<\/p>\n\n\n\n<p class=\"wp-block-paragraph\"><\/p>\n\n\n\n<p class=\"wp-block-paragraph\">Una propuesta que marida el ambiente cercano y distendido de la gastronom\u00eda de barrio \u2014con su oferta especial de Ca\u00f1a + Tapa a 3 \u20ac disponible durante todo el d\u00eda\u2014 con una cuidada sesi\u00f3n cinematogr\u00e1fica que da comienzo a las 21:00 h.\u200b<\/p>\n\n\n\n<figure class=\"wp-block-image size-large\"><img loading=\"lazy\" decoding=\"async\" width=\"819\" height=\"1024\" src=\"https:\/\/ixtar.net\/wp-content\/uploads\/2026\/08\/1000174074-1-819x1024.jpg\" alt=\"\" class=\"wp-image-901\" srcset=\"https:\/\/ixtar.net\/wp-content\/uploads\/2026\/08\/1000174074-1-819x1024.jpg 819w, https:\/\/ixtar.net\/wp-content\/uploads\/2026\/08\/1000174074-1-240x300.jpg 240w, https:\/\/ixtar.net\/wp-content\/uploads\/2026\/08\/1000174074-1-768x960.jpg 768w, https:\/\/ixtar.net\/wp-content\/uploads\/2026\/08\/1000174074-1-700x875.jpg 700w, https:\/\/ixtar.net\/wp-content\/uploads\/2026\/08\/1000174074-1.jpg 1080w\" sizes=\"auto, (max-width: 819px) 100vw, 819px\" \/><\/figure>\n\n\n\n<p class=\"wp-block-paragraph\"><\/p>\n\n\n\n<p class=\"wp-block-paragraph\">En esta ocasi\u00f3n, la pantalla se rinde ante la firma de la productora local EIVISUAL, con un ciclo monogr\u00e1fico \u00edntegramente escrito y dirigido por el realizador Ramon Mayol. <\/p>\n\n\n\n<p class=\"wp-block-paragraph\">La selecci\u00f3n proyectada plantea un recorrido caleidosc\u00f3pico que viaja desde la s\u00e1tira generacional hasta el suspenso urbano y la radiograf\u00eda documental del tejido comunitario de las Pitiusas.\u200bUn programa con identidad propia: <\/p>\n\n\n\n<p class=\"wp-block-paragraph\">Cuatro miradas, una misma pasi\u00f3n\u200b<\/p>\n\n\n\n<p class=\"wp-block-paragraph\">1. MIDDLEAGERS. Un corto franc\u00e9s (1\u00aa parte: LA GROTTE)\u200b(2020 | 9 min. | Ficci\u00f3n)\u200b<\/p>\n\n\n\n<p class=\"wp-block-paragraph\">Sinopsis: Rodada en franc\u00e9s en parajes de Sant Josep y Santa Eul\u00e0ria como homenaje a Lumi\u00e8re y M\u00e9li\u00e8s, esta comedia dram\u00e1tica aborda a los Middleagers: personas de 50 a 70 a\u00f1os que rompen el molde del retiro tradicional para vivir una segunda juventud llena de proyectos, rock y vitalidad.\u200bReparto: Fede Mimouni, Simon Brigs y \u00c0ngels Mart\u00ednez.(Nota: La historia de esta serie contin\u00faa en la pieza &#8216;P\u00edcnic&#8217;).\u200b<\/p>\n\n\n\n<p class=\"wp-block-paragraph\">2. SELFICROSIS\u200b(Microcorto | Ficci\u00f3n \/ Suspenso)\u200bSinopsis: Un joven adicto a los selfies se cuela en un cementerio para fotografiarse sin respeto. La repentina aparici\u00f3n de un ni\u00f1o que se ofrece a hacerle una foto desencadena un giro escalofriante.\u200bReparto: Luis \u00c1vila (Luis) y Carlos Rodr\u00edguez (ni\u00f1o).\u200b<\/p>\n\n\n\n<p class=\"wp-block-paragraph\">3. \u00bf\u00a1QU\u00c9!?\u200b(Microcorto | Ficci\u00f3n)<\/p>\n\n\n\n<p class=\"wp-block-paragraph\">\u200bSinopsis: Lo que inicia como un ligue nocturno de fiesta en Ibiza se convierte en un intenso choque de mundos. Una pieza breve y vertiginosa que cuestiona la identidad y el deseo tras las apariencias de la noche ibicenca.\u200bReparto: Nuria Santos (Mika) y Gabriel Cortal (Cayetano).<\/p>\n\n\n\n<p class=\"wp-block-paragraph\">\u200b4. ECOS DE CALA DE BOU\u200b(19 min. | Corto Documental)\u200b<\/p>\n\n\n\n<p class=\"wp-block-paragraph\">Sinopsis: Un recorrido de 19 minutos que radiograf\u00eda el tejido asociativo y cultural de Cala de Bou a trav\u00e9s de sus vecinos, entidades de mujeres, deportivas, la biblioteca y proyectos inclusivos como Ibiza In.\u200b<\/p>\n\n\n\n<p class=\"wp-block-paragraph\">Ficha T\u00e9cnica: M\u00fasica original a ritmo de Blues a cargo de Edu Mayol | Montaje y voz en off de Agust\u00edn Prades.\u200bConstruir comunidad a trav\u00e9s de la cultura\u200b.<\/p>\n\n\n\n<p class=\"wp-block-paragraph\">La realizaci\u00f3n de jornadas como esta es posible gracias a la estrecha colaboraci\u00f3n entre Ixtar Curts, Ibiza Click, la productora EIVISUAL y el Ajuntament de Sant Antoni de Portmany, as\u00ed como al espacio acogedor brindado por el Hostal An\u00edbal.\u200b<\/p>\n\n\n\n<p class=\"wp-block-paragraph\">Desde la organizaci\u00f3n de Mostra Ixtar Curts queremos agradecer de coraz\u00f3n a todos los asistentes, creadores y patrocinadores que hac\u00e9is posible que el cine siga siendo un punto de encuentro vivo y comunitario. <\/p>\n\n\n\n<p class=\"wp-block-paragraph\">Si quieres dar un paso m\u00e1s y formar parte activa de la familia del festival, \u00a1nuestras puertas est\u00e1n abiertas para el equipo de voluntariado!\u200b<\/p>\n\n\n\n<p class=\"wp-block-paragraph\">Sigue la Mostra\u200b<\/p>\n\n\n\n<p class=\"wp-block-paragraph\">Sitio web oficial: www.ixtar.net<\/p>\n\n\n\n<p class=\"wp-block-paragraph\">\u200bInstagram: @mostradecurtmetratgesixtar<\/p>\n\n\n\n<figure class=\"wp-block-image size-large\"><img loading=\"lazy\" decoding=\"async\" width=\"819\" height=\"1024\" src=\"https:\/\/ixtar.net\/wp-content\/uploads\/2026\/08\/1000174074-819x1024.jpg\" alt=\"\" class=\"wp-image-898\" srcset=\"https:\/\/ixtar.net\/wp-content\/uploads\/2026\/08\/1000174074-819x1024.jpg 819w, https:\/\/ixtar.net\/wp-content\/uploads\/2026\/08\/1000174074-240x300.jpg 240w, https:\/\/ixtar.net\/wp-content\/uploads\/2026\/08\/1000174074-768x960.jpg 768w, https:\/\/ixtar.net\/wp-content\/uploads\/2026\/08\/1000174074-700x875.jpg 700w, https:\/\/ixtar.net\/wp-content\/uploads\/2026\/08\/1000174074.jpg 1080w\" sizes=\"auto, (max-width: 819px) 100vw, 819px\" \/><\/figure>\n\n\n\n<p class=\"wp-block-paragraph\"><\/p>\n","protected":false},"excerpt":{"rendered":"<p>El cine con sello ibicenco llena el Hostal An\u00edbal en los \u00abJueves de Ca\u00f1as y Cortometrajes\u00bb de Mostra Ixtar Curts. Aprovechamos para recordar que el 10 de agosto finaliza el plazo de presentaci\u00f3n de cortos para la actual edici\u00f3n en \u200bEl s\u00e9ptimo arte vuelve a&#8230;<\/p>\n","protected":false},"author":2,"featured_media":904,"comment_status":"open","ping_status":"open","sticky":false,"template":"","format":"standard","meta":{"_jetpack_memberships_contains_paid_content":false,"footnotes":""},"categories":[113,114],"tags":[24,21,26,27,120,106,102,121,122,18,19,116],"class_list":["post-897","post","type-post","status-publish","format-standard","has-post-thumbnail","hentry","category-edicion-2026","category-noticias-2026","tag-ajuntament-de-sant-antoni-de-portmany","tag-eivissa","tag-festes-de-sant-bartomeu","tag-festival-curtmetratges","tag-hostal-anibal","tag-ixtar-2026","tag-ixtar-curts-2026","tag-ixtar-net","tag-jueves-de-tapas-y-cortas","tag-mostra","tag-sant-antoni-de-portmany","tag-voluntariado"],"jetpack_featured_media_url":"https:\/\/ixtar.net\/wp-content\/uploads\/2026\/08\/IMG-20260806-WA0032.jpg","jetpack_sharing_enabled":true,"_links":{"self":[{"href":"https:\/\/ixtar.net\/es\/wp-json\/wp\/v2\/posts\/897","targetHints":{"allow":["GET"]}}],"collection":[{"href":"https:\/\/ixtar.net\/es\/wp-json\/wp\/v2\/posts"}],"about":[{"href":"https:\/\/ixtar.net\/es\/wp-json\/wp\/v2\/types\/post"}],"author":[{"embeddable":true,"href":"https:\/\/ixtar.net\/es\/wp-json\/wp\/v2\/users\/2"}],"replies":[{"embeddable":true,"href":"https:\/\/ixtar.net\/es\/wp-json\/wp\/v2\/comments?post=897"}],"version-history":[{"count":2,"href":"https:\/\/ixtar.net\/es\/wp-json\/wp\/v2\/posts\/897\/revisions"}],"predecessor-version":[{"id":909,"href":"https:\/\/ixtar.net\/es\/wp-json\/wp\/v2\/posts\/897\/revisions\/909"}],"wp:featuredmedia":[{"embeddable":true,"href":"https:\/\/ixtar.net\/es\/wp-json\/wp\/v2\/media\/904"}],"wp:attachment":[{"href":"https:\/\/ixtar.net\/es\/wp-json\/wp\/v2\/media?parent=897"}],"wp:term":[{"taxonomy":"category","embeddable":true,"href":"https:\/\/ixtar.net\/es\/wp-json\/wp\/v2\/categories?post=897"},{"taxonomy":"post_tag","embeddable":true,"href":"https:\/\/ixtar.net\/es\/wp-json\/wp\/v2\/tags?post=897"}],"curies":[{"name":"wp","href":"https:\/\/api.w.org\/{rel}","templated":true}]}}