{"id":910,"date":"2026-08-13T13:47:39","date_gmt":"2026-08-13T11:47:39","guid":{"rendered":"https:\/\/ixtar.net\/?p=910"},"modified":"2026-08-13T14:14:46","modified_gmt":"2026-08-13T12:14:46","slug":"cineforum-uib-ph-2026","status":"publish","type":"post","link":"https:\/\/ixtar.net\/es\/cineforum-uib-ph-2026\/","title":{"rendered":"\u00a1EL CINEF\u00d3RUM UIB-EIVISSA, PREMIO DE HONOR BALEAR IXTAR CURTS 2026!"},"content":{"rendered":"\n<p class=\"wp-block-paragraph\">\u200bLA GRAN NOTICIA DE ESTA XXVII EDICI\u00d3N\u200b<\/p>\n\n\n\n<p class=\"wp-block-paragraph\">La Mostra Ixtar Curts rinde homenaje al proyecto cultural que ha devuelto la pasi\u00f3n por el cine y el debate a la sociedad ibicenca con m\u00e1s de 100 sesiones a sus espaldas.<\/p>\n\n\n\n<p class=\"wp-block-paragraph\">Un reconocimiento a la resistencia cinef\u00edtica y al debate cr\u00edtico. <\/p>\n\n\n\n<p class=\"wp-block-paragraph\">\u200bNos llena de orgullo anunciar que el Premio de Honor Balear de la XXVII Mostra Ixtar Curts recae este a\u00f1o en el Cinef\u00f3rum UIB-Eivissa.\u200b<\/p>\n\n\n\n<p class=\"wp-block-paragraph\">Desde su primera proyecci\u00f3n en octubre de 2018, la iniciativa impulsada por la sede insular de la UIB y el Conservatorio Profesional de M\u00fasica y Danza \u00abCatalina Buf\u00ed\u00bb se ha convertido en un faro cultural imprescindible en las Piti\u00fcses.<\/p>\n\n\n\n<figure class=\"wp-block-image size-large\"><img loading=\"lazy\" decoding=\"async\" width=\"1024\" height=\"768\" src=\"https:\/\/ixtar.net\/wp-content\/uploads\/2026\/08\/1000178350-1024x768.jpg\" alt=\"\" class=\"wp-image-914\" srcset=\"https:\/\/ixtar.net\/wp-content\/uploads\/2026\/08\/1000178350-1024x768.jpg 1024w, https:\/\/ixtar.net\/wp-content\/uploads\/2026\/08\/1000178350-300x225.jpg 300w, https:\/\/ixtar.net\/wp-content\/uploads\/2026\/08\/1000178350-768x576.jpg 768w, https:\/\/ixtar.net\/wp-content\/uploads\/2026\/08\/1000178350-1536x1152.jpg 1536w, https:\/\/ixtar.net\/wp-content\/uploads\/2026\/08\/1000178350-800x600.jpg 800w, https:\/\/ixtar.net\/wp-content\/uploads\/2026\/08\/1000178350-700x525.jpg 700w, https:\/\/ixtar.net\/wp-content\/uploads\/2026\/08\/1000178350.jpg 1600w\" sizes=\"auto, (max-width: 1024px) 100vw, 1024px\" \/><\/figure>\n\n\n\n<p class=\"wp-block-paragraph\">\u200bM\u00e1s de 100 sesiones organizadas abarcando desde grandes cl\u00e1sicos hasta cine independiente, documental y de vanguardia.\u200bEducaci\u00f3n de la mirada: Un espacio vivo para formar espectadores cr\u00edticos frente al consumo pasivo de contenidos.\u200b<\/p>\n\n\n\n<p class=\"wp-block-paragraph\">Punto de encuentro interdisciplinar: Decenas de expertos, directores, m\u00fasicos y profesionales de todos los \u00e1mbitos han enriquecido sus coloquios.\u200b<\/p>\n\n\n\n<figure class=\"wp-block-image size-large\"><img loading=\"lazy\" decoding=\"async\" width=\"1024\" height=\"768\" src=\"https:\/\/ixtar.net\/wp-content\/uploads\/2026\/08\/1000178349-1024x768.jpg\" alt=\"\" class=\"wp-image-920\" srcset=\"https:\/\/ixtar.net\/wp-content\/uploads\/2026\/08\/1000178349-1024x768.jpg 1024w, https:\/\/ixtar.net\/wp-content\/uploads\/2026\/08\/1000178349-300x225.jpg 300w, https:\/\/ixtar.net\/wp-content\/uploads\/2026\/08\/1000178349-768x576.jpg 768w, https:\/\/ixtar.net\/wp-content\/uploads\/2026\/08\/1000178349-1536x1152.jpg 1536w, https:\/\/ixtar.net\/wp-content\/uploads\/2026\/08\/1000178349-800x600.jpg 800w, https:\/\/ixtar.net\/wp-content\/uploads\/2026\/08\/1000178349-700x525.jpg 700w, https:\/\/ixtar.net\/wp-content\/uploads\/2026\/08\/1000178349.jpg 1600w\" sizes=\"auto, (max-width: 1024px) 100vw, 1024px\" \/><\/figure>\n\n\n\n<figure class=\"wp-block-image size-large\"><img loading=\"lazy\" decoding=\"async\" width=\"1024\" height=\"768\" src=\"https:\/\/ixtar.net\/wp-content\/uploads\/2026\/08\/1000178351-1024x768.jpg\" alt=\"\" class=\"wp-image-917\" srcset=\"https:\/\/ixtar.net\/wp-content\/uploads\/2026\/08\/1000178351-1024x768.jpg 1024w, https:\/\/ixtar.net\/wp-content\/uploads\/2026\/08\/1000178351-300x225.jpg 300w, https:\/\/ixtar.net\/wp-content\/uploads\/2026\/08\/1000178351-768x576.jpg 768w, https:\/\/ixtar.net\/wp-content\/uploads\/2026\/08\/1000178351-1536x1152.jpg 1536w, https:\/\/ixtar.net\/wp-content\/uploads\/2026\/08\/1000178351-800x600.jpg 800w, https:\/\/ixtar.net\/wp-content\/uploads\/2026\/08\/1000178351-700x525.jpg 700w, https:\/\/ixtar.net\/wp-content\/uploads\/2026\/08\/1000178351.jpg 1600w\" sizes=\"auto, (max-width: 1024px) 100vw, 1024px\" \/><\/figure>\n\n\n\n<p class=\"has-text-align-left wp-block-paragraph\">Alianza Ixtar Curts &amp; Cinef\u00f3rum: El cortometraje como protagonista\u200bEste galard\u00f3n no es solo un homenaje al pasado, sino un compromiso con el futuro del cortometraje en nuestra isla.\u200bFruto de este reconocimiento, anunciamos una alianza muy especial: a partir del pr\u00f3ximo curso acad\u00e9mico (septiembre de 2026), cada sesi\u00f3n del Cinef\u00f3rum UIB-Eivissa contar\u00e1 con la proyecci\u00f3n previa de un cortometraje de la selecci\u00f3n de la Mostra Ixtar Curts. \u00a1El mejor formato corto tendr\u00e1 su pantalla garantizada durante todo el a\u00f1o!\u200b<\/p>\n\n\n\n<p class=\"wp-block-paragraph\">\u00a1Apunta la cita en tu agenda!\u200bLa entrega oficial del galard\u00f3n tendr\u00e1 lugar durante las jornadas principales de la XXVII Mostra Ixtar Curts:\u200b Lugar: Plaza Norte de la Iglesia de Sant Antoni de Portmany\u200b<\/p>\n\n\n\n<p class=\"wp-block-paragraph\">Fechas: 4 y 5 de septiembre de 2026\u200b<\/p>\n\n\n\n<p class=\"wp-block-paragraph\">Hora: 19:30 h\u200b<\/p>\n\n\n\n<p class=\"wp-block-paragraph\">Entrada: Libre y gratuita hasta completar aforo\u200b.<\/p>\n\n\n\n<p class=\"wp-block-paragraph\">\u00a1Enhorabuena a todo el equipo y seguidores del Cinef\u00f3rum UIB-Eivissa por este merecid\u00edsimo reconocimiento! <\/p>\n\n\n\n<p class=\"wp-block-paragraph\">Nos vemos en Sant Antoni para celebrarlo como se merece: viendo cine juntos.<\/p>\n\n\n\n<p class=\"wp-block-paragraph\"><\/p>\n\n\n\n<p class=\"wp-block-paragraph\"><\/p>\n","protected":false},"excerpt":{"rendered":"<p>\u200bLA GRAN NOTICIA DE ESTA XXVII EDICI\u00d3N\u200b La Mostra Ixtar Curts rinde homenaje al proyecto cultural que ha devuelto la pasi\u00f3n por el cine y el debate a la sociedad ibicenca con m\u00e1s de 100 sesiones a sus espaldas. Un reconocimiento a la resistencia cinef\u00edtica&#8230;<\/p>\n","protected":false},"author":2,"featured_media":911,"comment_status":"open","ping_status":"open","sticky":false,"template":"","format":"standard","meta":{"_jetpack_memberships_contains_paid_content":false,"footnotes":""},"categories":[113,114],"tags":[124,17,21,26,22,102,18,123],"class_list":["post-910","post","type-post","status-publish","format-standard","has-post-thumbnail","hentry","category-edicion-2026","category-noticias-2026","tag-cineforum-uib-eivissa","tag-crts","tag-eivissa","tag-festes-de-sant-bartomeu","tag-ibiza","tag-ixtar-curts-2026","tag-mostra","tag-premio-de-honor"],"jetpack_featured_media_url":"https:\/\/ixtar.net\/wp-content\/uploads\/2026\/08\/IMG-20260812-WA0030.jpg","jetpack_sharing_enabled":true,"_links":{"self":[{"href":"https:\/\/ixtar.net\/es\/wp-json\/wp\/v2\/posts\/910","targetHints":{"allow":["GET"]}}],"collection":[{"href":"https:\/\/ixtar.net\/es\/wp-json\/wp\/v2\/posts"}],"about":[{"href":"https:\/\/ixtar.net\/es\/wp-json\/wp\/v2\/types\/post"}],"author":[{"embeddable":true,"href":"https:\/\/ixtar.net\/es\/wp-json\/wp\/v2\/users\/2"}],"replies":[{"embeddable":true,"href":"https:\/\/ixtar.net\/es\/wp-json\/wp\/v2\/comments?post=910"}],"version-history":[{"count":3,"href":"https:\/\/ixtar.net\/es\/wp-json\/wp\/v2\/posts\/910\/revisions"}],"predecessor-version":[{"id":926,"href":"https:\/\/ixtar.net\/es\/wp-json\/wp\/v2\/posts\/910\/revisions\/926"}],"wp:featuredmedia":[{"embeddable":true,"href":"https:\/\/ixtar.net\/es\/wp-json\/wp\/v2\/media\/911"}],"wp:attachment":[{"href":"https:\/\/ixtar.net\/es\/wp-json\/wp\/v2\/media?parent=910"}],"wp:term":[{"taxonomy":"category","embeddable":true,"href":"https:\/\/ixtar.net\/es\/wp-json\/wp\/v2\/categories?post=910"},{"taxonomy":"post_tag","embeddable":true,"href":"https:\/\/ixtar.net\/es\/wp-json\/wp\/v2\/tags?post=910"}],"curies":[{"name":"wp","href":"https:\/\/api.w.org\/{rel}","templated":true}]}}