{"id":929,"date":"2026-08-19T11:51:25","date_gmt":"2026-08-19T09:51:25","guid":{"rendered":"https:\/\/ixtar.net\/?p=929"},"modified":"2026-08-19T13:27:19","modified_gmt":"2026-08-19T11:27:19","slug":"finalistas-baleares-2026","status":"publish","type":"post","link":"https:\/\/ixtar.net\/es\/finalistas-baleares-2026\/","title":{"rendered":"FINALISTAS SECCI\u00d3N BALEAR IXTAR CURTS 2026"},"content":{"rendered":"\n<p class=\"wp-block-paragraph\">El talento audiovisual insular toma el protagonismo en Sant Antoni\u200b.<\/p>\n\n\n\n<p class=\"wp-block-paragraph\">La XXVII edici\u00f3n de la Mostra Ixtar Curts reafirma un a\u00f1o m\u00e1s su compromiso con la creaci\u00f3n audiovisual de las Islas Baleares y su compromiso con la diversidad en la alianza con el colectivo Lgtbiqa+ Sa clau de s&#8217;armari -La llave del armario<\/p>\n\n\n\n<p class=\"wp-block-paragraph\">El pr\u00f3ximo viernes 4 de septiembre de 2026, a partir de las 19:30 h, la Plaza norte de la Iglesia de Sant Antoni de Portmany se convertir\u00e1 en el escaparate del talento cinematogr\u00e1fico insular.<\/p>\n\n\n\n<p class=\"wp-block-paragraph\">\u200bLa jornada arrancar\u00e1 con la proyecci\u00f3n a partir de las 20.30 h. fuera de concurso de EnVIA2 (18 min.), la \u00faltima propuesta del realizador ibicenco Joan Francol\u00ed, que servir\u00e1 como obertura de honor para la velada.<\/p>\n\n\n\n<p class=\"wp-block-paragraph\">\u200bSelecci\u00f3n Oficial \u2013 Secci\u00f3 Balear\u200b<\/p>\n\n\n\n<p class=\"wp-block-paragraph\">A continuaci\u00f3n, el p\u00fablico podr\u00e1 disfrutar de los cinco trabajos que integran la secci\u00f3n competitiva de este a\u00f1o:<\/p>\n\n\n\n<p class=\"wp-block-paragraph\">\u200bEl res\u00f3 de la mirada (10 min.) dirigida por Carlos Bover \u2014 Una mirada \u00edntima a las emociones y la percepci\u00f3n visual.<\/p>\n\n\n\n<p class=\"wp-block-paragraph\">\u200bVeganos (5 min.) \u2014 Dirigido por Julio Alc\u00e1ntara (Andaluc\u00eda \/ Illes Balears), una aproximaci\u00f3n fresca y reflexiva a las din\u00e1micas contempor\u00e1neas.\u200b<\/p>\n\n\n\n<p class=\"wp-block-paragraph\">Check Out (7 min.) \u2014 Dirigido por Alba Bestard (Illes Balears), un relato breve de ritmo preciso y tensi\u00f3n narrativa.\u200b<\/p>\n\n\n\n<p class=\"wp-block-paragraph\">Sub-Text (11 min.) \u2014 Dirigido por Javier Riera (Illes Balears), una exploraci\u00f3n de los no dichos y las lecturas impl\u00edcitas entre personajes.\u200b<\/p>\n\n\n\n<p class=\"wp-block-paragraph\">Lady in Red (11 min.) \u2014 Dirigido por Tom\u00e1s Rojo y Santiago Lindel (Illes Balears), una obra estilizada que cierra la muestra competitiva del viernes.<\/p>\n\n\n\n<p class=\"wp-block-paragraph\">\u200bUn espacio para la creaci\u00f3n de proximidad\u200b, la Secci\u00f3 Balear no solo busca dar visibilidad a realizadores y realizadoras consolidados de las islas, sino tambi\u00e9n tender puentes con nuevos creadores que encuentran en Ixtar Curts una plataforma directa de encuentro con el p\u00fablico en un espacio al aire libre y de acceso gratuito.\u200b<\/p>\n\n\n\n<p class=\"wp-block-paragraph\">Fecha y hora: Viernes 4 de septiembre de 2026 \u2014 19:30 h\u200b Bienvenida, photocall y presentaciones.<\/p>\n\n\n\n<hr class=\"wp-block-separator has-alpha-channel-opacity\"\/>\n\n\n\n<p class=\"wp-block-paragraph\">20:30 Inici\u00f3 de las proyecciones.<\/p>\n\n\n\n<p class=\"wp-block-paragraph\">Lugar: Plaza norte de la Iglesia de Sant Antoni (Eivissa)\u200b<\/p>\n\n\n\n<p class=\"wp-block-paragraph\">Acceso: Libre y gratuito\u200b<\/p>\n\n\n\n<figure class=\"wp-block-image size-full\"><img loading=\"lazy\" decoding=\"async\" width=\"650\" height=\"650\" src=\"https:\/\/ixtar.net\/wp-content\/uploads\/2026\/08\/1000182572.jpg\" alt=\"\" class=\"wp-image-930\" srcset=\"https:\/\/ixtar.net\/wp-content\/uploads\/2026\/08\/1000182572.jpg 650w, https:\/\/ixtar.net\/wp-content\/uploads\/2026\/08\/1000182572-300x300.jpg 300w, https:\/\/ixtar.net\/wp-content\/uploads\/2026\/08\/1000182572-150x150.jpg 150w, https:\/\/ixtar.net\/wp-content\/uploads\/2026\/08\/1000182572-570x570.jpg 570w, https:\/\/ixtar.net\/wp-content\/uploads\/2026\/08\/1000182572-500x500.jpg 500w\" sizes=\"auto, (max-width: 650px) 100vw, 650px\" \/><\/figure>\n\n\n\n<p class=\"wp-block-paragraph\"><\/p>\n","protected":false},"excerpt":{"rendered":"<p>El talento audiovisual insular toma el protagonismo en Sant Antoni\u200b. La XXVII edici\u00f3n de la Mostra Ixtar Curts reafirma un a\u00f1o m\u00e1s su compromiso con la creaci\u00f3n audiovisual de las Islas Baleares y su compromiso con la diversidad en la alianza con el colectivo Lgtbiqa+&#8230;<\/p>\n","protected":false},"author":2,"featured_media":930,"comment_status":"open","ping_status":"open","sticky":false,"template":"","format":"standard","meta":{"_jetpack_memberships_contains_paid_content":false,"footnotes":""},"categories":[113,114],"tags":[24,130,21,26,120,129,18,131,128,19,20,99,126,132,127],"class_list":["post-929","post","type-post","status-publish","format-standard","has-post-thumbnail","hentry","category-edicion-2026","category-noticias-2026","tag-ajuntament-de-sant-antoni-de-portmany","tag-diversidad","tag-eivissa","tag-festes-de-sant-bartomeu","tag-hostal-anibal","tag-la-llave-del-armario","tag-mostra","tag-premis","tag-sa-clau-de-sarmari","tag-sant-antoni-de-portmany","tag-sant-bartomeu","tag-sant-bartomeu-2026","tag-seccio-balear","tag-seccio-balear-2026","tag-viernes-4-septiembre"],"jetpack_featured_media_url":"https:\/\/ixtar.net\/wp-content\/uploads\/2026\/08\/1000182572.jpg","jetpack_sharing_enabled":true,"_links":{"self":[{"href":"https:\/\/ixtar.net\/es\/wp-json\/wp\/v2\/posts\/929","targetHints":{"allow":["GET"]}}],"collection":[{"href":"https:\/\/ixtar.net\/es\/wp-json\/wp\/v2\/posts"}],"about":[{"href":"https:\/\/ixtar.net\/es\/wp-json\/wp\/v2\/types\/post"}],"author":[{"embeddable":true,"href":"https:\/\/ixtar.net\/es\/wp-json\/wp\/v2\/users\/2"}],"replies":[{"embeddable":true,"href":"https:\/\/ixtar.net\/es\/wp-json\/wp\/v2\/comments?post=929"}],"version-history":[{"count":3,"href":"https:\/\/ixtar.net\/es\/wp-json\/wp\/v2\/posts\/929\/revisions"}],"predecessor-version":[{"id":937,"href":"https:\/\/ixtar.net\/es\/wp-json\/wp\/v2\/posts\/929\/revisions\/937"}],"wp:featuredmedia":[{"embeddable":true,"href":"https:\/\/ixtar.net\/es\/wp-json\/wp\/v2\/media\/930"}],"wp:attachment":[{"href":"https:\/\/ixtar.net\/es\/wp-json\/wp\/v2\/media?parent=929"}],"wp:term":[{"taxonomy":"category","embeddable":true,"href":"https:\/\/ixtar.net\/es\/wp-json\/wp\/v2\/categories?post=929"},{"taxonomy":"post_tag","embeddable":true,"href":"https:\/\/ixtar.net\/es\/wp-json\/wp\/v2\/tags?post=929"}],"curies":[{"name":"wp","href":"https:\/\/api.w.org\/{rel}","templated":true}]}}