{"id":938,"date":"2026-08-21T19:11:42","date_gmt":"2026-08-21T17:11:42","guid":{"rendered":"https:\/\/ixtar.net\/?p=938"},"modified":"2026-08-21T19:14:05","modified_gmt":"2026-08-21T17:14:05","slug":"https-ixtar-net-es-seccion-oficial-2026","status":"publish","type":"post","link":"https:\/\/ixtar.net\/es\/https-ixtar-net-es-seccion-oficial-2026\/","title":{"rendered":"SECCI\u00d3N OFICIAL 2026: MIRADAS NACIONALES E INTERNACIONALES EN LA 27\u00aa MOSTRA DE IXTAR CURTS"},"content":{"rendered":"\n<p class=\"wp-block-paragraph\">\u200bLa segunda jornada de la Mostra Ixtar Curts 2026, que tendr\u00e1 lugar el s\u00e1bado 5 de septiembre a las 19:30 h en Sant Antoni de Portmany, estar\u00e1 dedicada a la Secci\u00f3n Oficial general, una cuidada selecci\u00f3n de diez cortometrajes nacionales e internacionales que representan la diversidad y calidad del formato corto actual.\u200b<\/p>\n\n\n\n<p class=\"wp-block-paragraph\">La sesi\u00f3n se abrir\u00e1 fuera de concurso con la proyecci\u00f3n del cortometraje Tao\u2019a (15 min.), dirigido por Leo Pakarati desde Rapa Nui (Chile), aportando una valiosa perspectiva cinematogr\u00e1fica del Pac\u00edfico Sur.\u200b<\/p>\n\n\n\n<p class=\"wp-block-paragraph\"><strong>Obras finalistas a concurso<\/strong>\u200b<\/p>\n\n\n\n<p class=\"wp-block-paragraph\">La competici\u00f3n de esta XXVII edici\u00f3n re\u00fane diez propuestas procedentes de Italia y de diversos puntos de la pen\u00ednsula:\u200b<\/p>\n\n\n\n<p class=\"wp-block-paragraph\">Raffaella Johnson (8 min.) \u2014 Dir. Gonzalo Alejandro D\u00edaz Rodr\u00edguez (Italia)\u200b<\/p>\n\n\n\n<p class=\"wp-block-paragraph\">El reto (7 min.) \u2014 Dir. V\u00edctor Devesa (Valencia)\u200b<\/p>\n\n\n\n<p class=\"wp-block-paragraph\">Duele la lluvia (5 min.) \u2014 Dir. Erik Campos Garc\u00eda (Vizcaya)\u200b<\/p>\n\n\n\n<p class=\"wp-block-paragraph\">Las nuestras (5 min.) \u2014 Dir. Mar\u00eda Espejo (C\u00e1diz)<\/p>\n\n\n\n<p class=\"wp-block-paragraph\">\u200bLuci\u00e9rnagas (4 min.) \u2014 Dir. Jorge Ru\u00edz Laffond y Berry Espinosa (Madrid)\u200b<\/p>\n\n\n\n<p class=\"wp-block-paragraph\">Manol\u00edn (3 min.) \u2014 Dir. Albert Marin\u00e9 (Tarragona)\u200b<\/p>\n\n\n\n<p class=\"wp-block-paragraph\">El revisor (10 min.) \u2014 Dir. Alejandro L\u00f3pez Garc\u00eda (Valencia)\u200b<\/p>\n\n\n\n<p class=\"wp-block-paragraph\">Historia de un chico triste (7 min.) \u2014 Dir. Carlos Bl\u00e1zquez Ramila (\u00c1lava)\u200b<\/p>\n\n\n\n<p class=\"wp-block-paragraph\">Carta de luz (7 min.) \u2014 Dir. Oliver Gonz\u00e1lez (Ja\u00e9n)\u200b<\/p>\n\n\n\n<p class=\"wp-block-paragraph\">Good Bye Carabanchel (5 min.) \u2014 Dir. Jorge Ru\u00edz Laffond y Berry Espinosa (Madrid)\u200b<\/p>\n\n\n\n<p class=\"wp-block-paragraph\"><strong>Panorama cinematogr\u00e1fico sin fronteras<\/strong><\/p>\n\n\n\n<p class=\"wp-block-paragraph\">\u200bLa Secci\u00f3n Oficial de Ixtar Curts constituye un pulso a la narrativa breve contempor\u00e1nea, abarcando desde la comedia y el drama social hasta la experimentaci\u00f3n visual. <\/p>\n\n\n\n<p class=\"wp-block-paragraph\">Toda la comunidad cin\u00e9fila y los visitantes de Sant Antoni est\u00e1n invitados a disfrutar de esta muestra al aire libre.\u200b<\/p>\n\n\n\n<p class=\"wp-block-paragraph\">Fecha y hora:<\/p>\n\n\n\n<p class=\"wp-block-paragraph\"> S\u00e1bado 5 de septiembre de 2026<\/p>\n\n\n\n<p class=\"wp-block-paragraph\">19:30 h: Recepci\u00f3n, photocall y bienvenida<\/p>\n\n\n\n<p class=\"wp-block-paragraph\">20:30 h: Inici\u00f3 de la Proyecci\u00f3n<\/p>\n\n\n\n<p class=\"wp-block-paragraph\">\u200bLugar: Plaza norte de la Iglesia de Sant Antoni<\/p>\n\n\n\n<p class=\"wp-block-paragraph\">(Eivissa)<\/p>\n\n\n\n<p class=\"wp-block-paragraph\">\u200bEntrada: Gratuita<\/p>\n\n\n\n<figure class=\"wp-block-image size-full\"><img loading=\"lazy\" decoding=\"async\" width=\"1270\" height=\"1708\" src=\"https:\/\/ixtar.net\/wp-content\/uploads\/2026\/08\/IMG-20260819-WA0028.jpg\" alt=\"\" class=\"wp-image-945\" role=\"none\" srcset=\"https:\/\/ixtar.net\/wp-content\/uploads\/2026\/08\/IMG-20260819-WA0028.jpg 1270w, https:\/\/ixtar.net\/wp-content\/uploads\/2026\/08\/IMG-20260819-WA0028-223x300.jpg 223w, https:\/\/ixtar.net\/wp-content\/uploads\/2026\/08\/IMG-20260819-WA0028-761x1024.jpg 761w, https:\/\/ixtar.net\/wp-content\/uploads\/2026\/08\/IMG-20260819-WA0028-768x1033.jpg 768w, https:\/\/ixtar.net\/wp-content\/uploads\/2026\/08\/IMG-20260819-WA0028-1142x1536.jpg 1142w, https:\/\/ixtar.net\/wp-content\/uploads\/2026\/08\/IMG-20260819-WA0028-700x941.jpg 700w\" sizes=\"auto, (max-width: 1270px) 100vw, 1270px\" \/><\/figure>\n","protected":false},"excerpt":{"rendered":"<p>\u200bLa segunda jornada de la Mostra Ixtar Curts 2026, que tendr\u00e1 lugar el s\u00e1bado 5 de septiembre a las 19:30 h en Sant Antoni de Portmany, estar\u00e1 dedicada a la Secci\u00f3n Oficial general, una cuidada selecci\u00f3n de diez cortometrajes nacionales e internacionales que representan la&#8230;<\/p>\n","protected":false},"author":2,"featured_media":954,"comment_status":"open","ping_status":"open","sticky":false,"template":"","format":"standard","meta":{"_jetpack_memberships_contains_paid_content":false,"footnotes":""},"categories":[113,114],"tags":[24,133,17,21,101,26,106,102,121,18,112,19],"class_list":["post-938","post","type-post","status-publish","format-standard","has-post-thumbnail","hentry","category-edicion-2026","category-noticias-2026","tag-ajuntament-de-sant-antoni-de-portmany","tag-cortos-20226","tag-crts","tag-eivissa","tag-equipo-ixtar","tag-festes-de-sant-bartomeu","tag-ixtar-2026","tag-ixtar-curts-2026","tag-ixtar-net","tag-mostra","tag-muestra-de-cortos-ixtar","tag-sant-antoni-de-portmany"],"jetpack_featured_media_url":"https:\/\/ixtar.net\/wp-content\/uploads\/2026\/08\/IMG-20260817-WA0017.jpg","jetpack_sharing_enabled":true,"_links":{"self":[{"href":"https:\/\/ixtar.net\/es\/wp-json\/wp\/v2\/posts\/938","targetHints":{"allow":["GET"]}}],"collection":[{"href":"https:\/\/ixtar.net\/es\/wp-json\/wp\/v2\/posts"}],"about":[{"href":"https:\/\/ixtar.net\/es\/wp-json\/wp\/v2\/types\/post"}],"author":[{"embeddable":true,"href":"https:\/\/ixtar.net\/es\/wp-json\/wp\/v2\/users\/2"}],"replies":[{"embeddable":true,"href":"https:\/\/ixtar.net\/es\/wp-json\/wp\/v2\/comments?post=938"}],"version-history":[{"count":2,"href":"https:\/\/ixtar.net\/es\/wp-json\/wp\/v2\/posts\/938\/revisions"}],"predecessor-version":[{"id":958,"href":"https:\/\/ixtar.net\/es\/wp-json\/wp\/v2\/posts\/938\/revisions\/958"}],"wp:featuredmedia":[{"embeddable":true,"href":"https:\/\/ixtar.net\/es\/wp-json\/wp\/v2\/media\/954"}],"wp:attachment":[{"href":"https:\/\/ixtar.net\/es\/wp-json\/wp\/v2\/media?parent=938"}],"wp:term":[{"taxonomy":"category","embeddable":true,"href":"https:\/\/ixtar.net\/es\/wp-json\/wp\/v2\/categories?post=938"},{"taxonomy":"post_tag","embeddable":true,"href":"https:\/\/ixtar.net\/es\/wp-json\/wp\/v2\/tags?post=938"}],"curies":[{"name":"wp","href":"https:\/\/api.w.org\/{rel}","templated":true}]}}