{"id":959,"date":"2026-08-24T12:37:00","date_gmt":"2026-08-24T10:37:00","guid":{"rendered":"https:\/\/ixtar.net\/?p=959"},"modified":"2026-08-24T12:38:37","modified_gmt":"2026-08-24T10:38:37","slug":"eric-frances","status":"publish","type":"post","link":"https:\/\/ixtar.net\/es\/eric-frances\/","title":{"rendered":"ERIC FRANC\u00c9S,  NOMBRADO PADRINO DE HONOR DE LA XXVII MOSTRA IXTAR CURTS 2026.                                                     El polifac\u00e9tico actor, director y figura clave del cine independiente nacional e internacional apadrinar\u00e1 la 27\u00aa edici\u00f3n del certamen, consolidando su hist\u00f3rica vinculaci\u00f3n con Sant Antoni e Ibiza.\u200b"},"content":{"rendered":"\n<p class=\"wp-block-paragraph\">\u200bNos complace anunciar oficialmente que Eric Franc\u00e9s ser\u00e1 el Padrino de Honor de la XXVII Mostra Ixtar Curts, que se celebrar\u00e1 en el marco de las Festes de Sant Bartomeu 2026 con el apoyo del Ajuntament de Sant Antoni de Portmany.\u200b<\/p>\n\n\n\n<p class=\"wp-block-paragraph\">Con una trayectoria caracterizada por la pasi\u00f3n, la versatilidad y la entrega absoluta al arte dram\u00e1tico, Eric Franc\u00e9s destaca como actor y director en cine, teatro y televisi\u00f3n. <\/p>\n\n\n\n<p class=\"wp-block-paragraph\">Su estrecha relaci\u00f3n con Ibiza y, en particular, con Sant Antoni de Portmany \u2014lugar al que considera su segunda casa\u2014 hace de su madrinazgo un hito muy especial para esta edici\u00f3n del festival.<\/p>\n\n\n\n<p class=\"wp-block-paragraph\">\u200bUna carrera marcada por el cine independiente y de autor\u200bReconocido como una figura imprescindible dentro del circuito del cine independiente y de autor, Eric Franc\u00e9s ha protagonizado m\u00e1s de una docena de largometrajes que han recorrido festivales internacionales de m\u00e1ximo nivel.<\/p>\n\n\n\n<p class=\"wp-block-paragraph\">\u200bEntre sus trabajos cinematogr\u00e1ficos m\u00e1s c\u00e9lebres destacan:\u200bAislados, largometraje por el que fue candidato a los Premios Goya.\u200b<\/p>\n\n\n\n<p class=\"wp-block-paragraph\">El Destierro, interpretaci\u00f3n que le vali\u00f3 el premio a Mejor Actor Protagonista en el Festival Internacional de Cine bajo la Luna &#8211; Islantilla Cinef\u00f3rum.\u200b<\/p>\n\n\n\n<p class=\"wp-block-paragraph\">The Last Wish, galardonada como Mejor Pel\u00edcula en el Socially Relevant Film Festival de Nueva York.\u200b<\/p>\n\n\n\n<p class=\"wp-block-paragraph\">A lo largo de su carrera, ha trabajado a las \u00f3rdenes de destacados cineastas del panorama espa\u00f1ol como David Marqu\u00e9s (Cualquiera, Aislados, Desechos, El club del paro), Imanol Uribe (Llegaron de noche), Iciar Bollain, Arturo Ruiz Serrano (El Destierro), Kepa Sojo, Vicente Monson\u00eds y David Desola (El padre de todos nosotros).\u200b<\/p>\n\n\n\n<p class=\"wp-block-paragraph\">En el \u00e1mbito internacional, ha colaborado con realizadores como el galo Fabrice Cazeneuve, el mexicano Alan Jonsson, el finland\u00e9s Rax Rinnekangas o el cineasta afincado en la isla Alain Deymier, junto a quien rod\u00f3 en Ibiza la producci\u00f3n Bluu, last days of Ibiza. <\/p>\n\n\n\n<p class=\"wp-block-paragraph\">En total, Franc\u00e9s ha participado en el rodaje de cuatro pel\u00edculas en la isla pitiusa.\u200bUn firme defensor del formato cortometraje.<\/p>\n\n\n\n<p class=\"wp-block-paragraph\">\u200bEl v\u00ednculo de Eric Franc\u00e9s con la esencia de Ixtar Curts se refleja tambi\u00e9n en su labor en el cortometraje. <\/p>\n\n\n\n<p class=\"wp-block-paragraph\">Como actor ha encabezado m\u00e1s de 30 producciones cortas, y como director destaca su multipremiado trabajo Feathers, seleccionado en festivales de prestigio internacional como la Seminci, Raindance y el Festival de Cannes.\u200b<\/p>\n\n\n\n<p class=\"wp-block-paragraph\">Su bagaje lo ha llevado asimismo a formar parte del jurado de diversos cert\u00e1menes cinematogr\u00e1ficos nacionales e internacionales, como el Festival Internacional de Cortometrajes La Vieja Encina, el Western Sala de los Infantes, el Festival de San Sebasti\u00e1n de los Reyes o el Festival Internacional de Cine de Avil\u00e9s.<\/p>\n\n\n\n<p class=\"wp-block-paragraph\">\u200bEn la actualidad, Franc\u00e9s combina su faceta interpretativa con la direcci\u00f3n, habiendo culminado recientemente su \u00f3pera prima de largometraje de ficci\u00f3n y encontr\u00e1ndose en la fase final de postproducci\u00f3n de su primer largometraje documental.\u200b<\/p>\n\n\n\n<p class=\"wp-block-paragraph\">Presencia en la peque\u00f1a pantalla\u200b.<\/p>\n\n\n\n<p class=\"wp-block-paragraph\">En televisi\u00f3n, el p\u00fablico ha podido disfrutar de su talento en algunas de las series m\u00e1s ic\u00f3nicas y populares de la ficci\u00f3n espa\u00f1ola, entre las que se encuentran \u00c1guila Roja, La que se avecina, Bandolera, UCO (Unidad Central Operativa) y El Comisario.\u200b<\/p>\n\n\n\n<p class=\"wp-block-paragraph\">Desde la organizaci\u00f3n de Ixtar Curts, celebramos contar con la presencia, maestr\u00eda y cari\u00f1o de Eric Franc\u00e9s en esta 27\u00aa edici\u00f3n, reafirmando nuestro compromiso con la difusi\u00f3n de la cultura audiovisual y el talento cinematogr\u00e1fico.\u200b\u00a1Bienvenido a tu casa, Eric!<\/p>\n\n\n\n\n\n<p class=\"wp-block-paragraph\"><\/p>\n\n\n\n<p class=\"wp-block-paragraph\"><\/p>\n\n\n\n<p class=\"wp-block-paragraph\"><\/p>\n\n\n\n<p class=\"wp-block-paragraph\"><\/p>\n","protected":false},"excerpt":{"rendered":"<p>\u200bNos complace anunciar oficialmente que Eric Franc\u00e9s ser\u00e1 el Padrino de Honor de la XXVII Mostra Ixtar Curts, que se celebrar\u00e1 en el marco de las Festes de Sant Bartomeu 2026 con el apoyo del Ajuntament de Sant Antoni de Portmany.\u200b Con una trayectoria caracterizada&#8230;<\/p>\n","protected":false},"author":2,"featured_media":960,"comment_status":"open","ping_status":"open","sticky":false,"template":"","format":"standard","meta":{"_jetpack_memberships_contains_paid_content":false,"footnotes":""},"categories":[113,114],"tags":[24,135,17,137,26,110,22,106,136,134,19,20,99],"class_list":["post-959","post","type-post","status-publish","format-standard","has-post-thumbnail","hentry","category-edicion-2026","category-noticias-2026","tag-ajuntament-de-sant-antoni-de-portmany","tag-cortos","tag-crts","tag-curtmetratges","tag-festes-de-sant-bartomeu","tag-festes-de-sant-bartomeu-2026","tag-ibiza","tag-ixtar-2026","tag-mostra-ixtar-curts-2026","tag-padrino-de-honor-2026","tag-sant-antoni-de-portmany","tag-sant-bartomeu","tag-sant-bartomeu-2026"],"jetpack_featured_media_url":"https:\/\/ixtar.net\/wp-content\/uploads\/2026\/08\/IMG-20260824-WA00292.jpg","jetpack_sharing_enabled":true,"_links":{"self":[{"href":"https:\/\/ixtar.net\/es\/wp-json\/wp\/v2\/posts\/959","targetHints":{"allow":["GET"]}}],"collection":[{"href":"https:\/\/ixtar.net\/es\/wp-json\/wp\/v2\/posts"}],"about":[{"href":"https:\/\/ixtar.net\/es\/wp-json\/wp\/v2\/types\/post"}],"author":[{"embeddable":true,"href":"https:\/\/ixtar.net\/es\/wp-json\/wp\/v2\/users\/2"}],"replies":[{"embeddable":true,"href":"https:\/\/ixtar.net\/es\/wp-json\/wp\/v2\/comments?post=959"}],"version-history":[{"count":2,"href":"https:\/\/ixtar.net\/es\/wp-json\/wp\/v2\/posts\/959\/revisions"}],"predecessor-version":[{"id":964,"href":"https:\/\/ixtar.net\/es\/wp-json\/wp\/v2\/posts\/959\/revisions\/964"}],"wp:featuredmedia":[{"embeddable":true,"href":"https:\/\/ixtar.net\/es\/wp-json\/wp\/v2\/media\/960"}],"wp:attachment":[{"href":"https:\/\/ixtar.net\/es\/wp-json\/wp\/v2\/media?parent=959"}],"wp:term":[{"taxonomy":"category","embeddable":true,"href":"https:\/\/ixtar.net\/es\/wp-json\/wp\/v2\/categories?post=959"},{"taxonomy":"post_tag","embeddable":true,"href":"https:\/\/ixtar.net\/es\/wp-json\/wp\/v2\/tags?post=959"}],"curies":[{"name":"wp","href":"https:\/\/api.w.org\/{rel}","templated":true}]}}