{"id":965,"date":"2026-08-27T09:48:41","date_gmt":"2026-08-27T07:48:41","guid":{"rendered":"https:\/\/ixtar.net\/?p=965"},"modified":"2026-08-27T09:48:44","modified_gmt":"2026-08-27T07:48:44","slug":"arranque-oficial-2026","status":"publish","type":"post","link":"https:\/\/ixtar.net\/es\/arranque-oficial-2026\/","title":{"rendered":"ARRANQUE OFICIAL DE LA XXVII MOSTRA DE IXTAR CURTS CON LA PROYECCI\u00d3N DE ENVIA2"},"content":{"rendered":"\n<p class=\"wp-block-paragraph\">\u00a1Atenci\u00f3n, cin\u00e9filos y amantes del cortometraje! Arranque oficial de la XXVII MOSTRA IXTAR CURTS, damos el pistoletazo de salida a esta nueva edici\u00f3n el pr\u00f3ximo viernes 4 de septiembre a las 20:30 h con la proyecci\u00f3n inaugural fuera de concurso del cortometraje \u00abenVIA2\u00bb.\u200b<\/p>\n\n\n\n<p class=\"wp-block-paragraph\">SINOPSIS<\/p>\n\n\n\n<p class=\"wp-block-paragraph\">\u200bEl astronauta: En un extra\u00f1o bar, rodeado de fascinantes y singulares criaturas, reflexiona sobre la constante necesidad de viajar por el universo para expandir las especies por otros mundos.\u200b<\/p>\n\n\n\n<p class=\"wp-block-paragraph\">El bar: En pleno centro de la galaxia, funciona como la t\u00edpica parada de carretera para los viajantes interestelares. All\u00ed, todos brindan con \u201cRUS FERMENTADO\u201d, un extra\u00f1o brebaje que facilita el entendimiento entre los diferentes extraterrestres.<\/p>\n\n\n\n<p class=\"wp-block-paragraph\">\u200bLa IA: Una inteligencia artificial que, de tanto viajar sola por el cosmos, ha terminado desarrollando esquizofrenia.<\/p>\n\n\n\n<p class=\"wp-block-paragraph\">\u200bFICHA T\u00c9CNICA Y ART\u00cdSTICA<\/p>\n\n\n\n<p class=\"wp-block-paragraph\">\u200bT\u00edtulo: enVIA2 (Fuera de concurso)\u200b<\/p>\n\n\n\n<p class=\"wp-block-paragraph\">Duraci\u00f3n: 14 minutos<\/p>\n\n\n\n<p class=\"wp-block-paragraph\">\u200bGui\u00f3n y Direcci\u00f3n: J. Francol\u00ed\u200b<\/p>\n\n\n\n<p class=\"wp-block-paragraph\">Producci\u00f3n: Inm\u00f3viles Animados\u200b<\/p>\n\n\n\n<p class=\"wp-block-paragraph\">Edici\u00f3n: Mayte Mart\u00edn\u200b<\/p>\n\n\n\n<p class=\"wp-block-paragraph\">Script: Mart\u00edn Gala\u200b<\/p>\n\n\n\n<p class=\"wp-block-paragraph\">Animaci\u00f3n Digital: Mayte Mart\u00edn\u200b<\/p>\n\n\n\n<p class=\"wp-block-paragraph\">Stop Motion: J. Francol\u00ed\u200b<\/p>\n\n\n\n<p class=\"wp-block-paragraph\">Efectos Especiales: Adri\u00e1n Cardona y J. Francol\u00ed\u200b<\/p>\n\n\n\n<p class=\"wp-block-paragraph\">Construcci\u00f3n de Mu\u00f1ecos: Juan Carlos Torres y Adri\u00e1n Cardona<\/p>\n\n\n\n<p class=\"wp-block-paragraph\">\u200bDirecci\u00f3n Art\u00edstica: J. Francol\u00ed\u200b<\/p>\n\n\n\n<p class=\"wp-block-paragraph\">M\u00fasica: Javi Mar\u00ed y Caen Botto<\/p>\n\n\n\n<p class=\"wp-block-paragraph\">\u200bDise\u00f1o Gr\u00e1fico: Untaltoni y J. Francol\u00ed\u200b<\/p>\n\n\n\n<p class=\"wp-block-paragraph\">Ilustraciones: Franky\u200b<\/p>\n\n\n\n<p class=\"wp-block-paragraph\">Reparto e Int\u00e9rpretes:\u200b<\/p>\n\n\n\n<p class=\"wp-block-paragraph\">Oficial Cardona: Adri\u00e1n Cardona\u200b<\/p>\n\n\n\n<p class=\"wp-block-paragraph\">Clones: Naomi Podzi<\/p>\n\n\n\n<p class=\"wp-block-paragraph\">\u200bOrdenador \/ Virus \/ Loretta: Mariano Romero\u200b<\/p>\n\n\n\n<p class=\"wp-block-paragraph\">Lombreras: Paca Sastre, Espe Llorens y Pepita Roig\u200b<\/p>\n\n\n\n<p class=\"wp-block-paragraph\">Con la participaci\u00f3n de: Alfredo Mar\u00ed\u200b<\/p>\n\n\n\n<p class=\"wp-block-paragraph\">Nos vemos el viernes 4 de septiembre a las 20:30 h para disfrutar del arranque de la XXVII MOSTRA IXTAR CURTS con esta ingeniosa mezcla de stop motion, ciencia ficci\u00f3n y humor gal\u00e1ctico. \u00a1No os lo perd\u00e1is!<\/p>\n\n\n\n<figure class=\"wp-block-image size-full\"><img loading=\"lazy\" decoding=\"async\" width=\"1115\" height=\"1481\" src=\"https:\/\/ixtar.net\/wp-content\/uploads\/2026\/08\/IMG-20260827-WA0002.jpg\" alt=\"\" class=\"wp-image-974\" role=\"none\" srcset=\"https:\/\/ixtar.net\/wp-content\/uploads\/2026\/08\/IMG-20260827-WA0002.jpg 1115w, https:\/\/ixtar.net\/wp-content\/uploads\/2026\/08\/IMG-20260827-WA0002-226x300.jpg 226w, https:\/\/ixtar.net\/wp-content\/uploads\/2026\/08\/IMG-20260827-WA0002-771x1024.jpg 771w, https:\/\/ixtar.net\/wp-content\/uploads\/2026\/08\/IMG-20260827-WA0002-768x1020.jpg 768w, https:\/\/ixtar.net\/wp-content\/uploads\/2026\/08\/IMG-20260827-WA0002-700x930.jpg 700w\" sizes=\"auto, (max-width: 1115px) 100vw, 1115px\" \/><\/figure>\n","protected":false},"excerpt":{"rendered":"<p>\u00a1Atenci\u00f3n, cin\u00e9filos y amantes del cortometraje! Arranque oficial de la XXVII MOSTRA IXTAR CURTS, damos el pistoletazo de salida a esta nueva edici\u00f3n el pr\u00f3ximo viernes 4 de septiembre a las 20:30 h con la proyecci\u00f3n inaugural fuera de concurso del cortometraje \u00abenVIA2\u00bb.\u200b SINOPSIS \u200bEl&#8230;<\/p>\n","protected":false},"author":2,"featured_media":967,"comment_status":"open","ping_status":"open","sticky":false,"template":"","format":"standard","meta":{"_jetpack_memberships_contains_paid_content":false,"footnotes":""},"categories":[1,113,114],"tags":[24,17,21,138,26,125,140,22,16,18,139,19,20],"class_list":["post-965","post","type-post","status-publish","format-standard","has-post-thumbnail","hentry","category-curts","category-edicion-2026","category-noticias-2026","tag-ajuntament-de-sant-antoni-de-portmany","tag-crts","tag-eivissa","tag-envia2","tag-festes-de-sant-bartomeu","tag-festes-sant-bartomeu-2026","tag-fuera-de-concurso","tag-ibiza","tag-ixtar","tag-mostra","tag-proyeccion","tag-sant-antoni-de-portmany","tag-sant-bartomeu"],"jetpack_featured_media_url":"https:\/\/ixtar.net\/wp-content\/uploads\/2026\/08\/IMG-20260827-WA0003.jpg","jetpack_sharing_enabled":true,"_links":{"self":[{"href":"https:\/\/ixtar.net\/es\/wp-json\/wp\/v2\/posts\/965","targetHints":{"allow":["GET"]}}],"collection":[{"href":"https:\/\/ixtar.net\/es\/wp-json\/wp\/v2\/posts"}],"about":[{"href":"https:\/\/ixtar.net\/es\/wp-json\/wp\/v2\/types\/post"}],"author":[{"embeddable":true,"href":"https:\/\/ixtar.net\/es\/wp-json\/wp\/v2\/users\/2"}],"replies":[{"embeddable":true,"href":"https:\/\/ixtar.net\/es\/wp-json\/wp\/v2\/comments?post=965"}],"version-history":[{"count":3,"href":"https:\/\/ixtar.net\/es\/wp-json\/wp\/v2\/posts\/965\/revisions"}],"predecessor-version":[{"id":977,"href":"https:\/\/ixtar.net\/es\/wp-json\/wp\/v2\/posts\/965\/revisions\/977"}],"wp:featuredmedia":[{"embeddable":true,"href":"https:\/\/ixtar.net\/es\/wp-json\/wp\/v2\/media\/967"}],"wp:attachment":[{"href":"https:\/\/ixtar.net\/es\/wp-json\/wp\/v2\/media?parent=965"}],"wp:term":[{"taxonomy":"category","embeddable":true,"href":"https:\/\/ixtar.net\/es\/wp-json\/wp\/v2\/categories?post=965"},{"taxonomy":"post_tag","embeddable":true,"href":"https:\/\/ixtar.net\/es\/wp-json\/wp\/v2\/tags?post=965"}],"curies":[{"name":"wp","href":"https:\/\/api.w.org\/{rel}","templated":true}]}}