{"id":979,"date":"2026-08-28T10:09:35","date_gmt":"2026-08-28T08:09:35","guid":{"rendered":"https:\/\/ixtar.net\/?p=979"},"modified":"2026-08-28T21:45:49","modified_gmt":"2026-08-28T19:45:49","slug":"taoa","status":"publish","type":"post","link":"https:\/\/ixtar.net\/es\/taoa\/","title":{"rendered":"ARRANCA LA SELECCI\u00d3N OFICIAL DE LA XXVII MOSTRA IXTAR CURTS CON LA PROYECCI\u00d3N DE TAO&#8217;A"},"content":{"rendered":"\n<p class=\"wp-block-paragraph\">Tras el inicio de las actividades, el certamen da un paso decisivo en su programaci\u00f3n. <\/p>\n\n\n\n<p class=\"wp-block-paragraph\">El pr\u00f3ximo s\u00e1bado 5 de septiembre a las 20:30 horas queda inaugurada oficialmente la Selecci\u00f3n Oficial de la XXVII MOSTRA IXTAR CURTS.<\/p>\n\n\n\n<p class=\"wp-block-paragraph\">Para abrir esta esperada jornada de exhibici\u00f3n, se presenta fuera de concurso la proyecci\u00f3n del documental \u00abTao&#8217;a\u00bb, una profunda y reveladora propuesta dirigida por el cineasta rapanui Leonardo Pakarati.\u200b<\/p>\n\n\n\n\n\n\n\n<p class=\"wp-block-paragraph\">Partiendo del relato ancestral del ariki Tu\u2019u Koihu, la obra realiza un recorrido hist\u00f3rico y antropom\u00f3rfico sobre la trayectoria de los moai kava kava: figuras nacidas en el plano de lo estrictamente espiritual que sufrieron paulatinas transformaciones tras el impacto y contacto colonial, encontr\u00e1ndose hoy fragmentadas y dispersas en colecciones, museos y mercados de todo el mundo.\u200b<\/p>\n\n\n\n<p class=\"wp-block-paragraph\">Mediante un ensamblaje visual que combina material de archivo, animaci\u00f3n y testimonios contempor\u00e1neos, la pel\u00edcula explora la transici\u00f3n de estas esculturas desde su origen sagrado hasta su mercantilizaci\u00f3n, poniendo en tensi\u00f3n conceptos fundamentales como la identidad, la memoria hist\u00f3rica y el valor cultural dentro de la comunidad de Rapa Nui.\u200b<\/p>\n\n\n\n<p class=\"wp-block-paragraph\">FICHA T\u00c9CNICA<\/p>\n\n\n\n<p class=\"wp-block-paragraph\">\u200bT\u00edtulo: Ta&#8217;oa (Fuera de concurso)\u200b<\/p>\n\n\n\n<p class=\"wp-block-paragraph\">Director: Leonardo Pakarati\u200b<\/p>\n\n\n\n<p class=\"wp-block-paragraph\">Productor Ejecutivo: Phillip Schorch\u200b<\/p>\n\n\n\n<p class=\"wp-block-paragraph\">Productora General: Paula Rossetti\u200b<\/p>\n\n\n\n<p class=\"wp-block-paragraph\">Camar\u00f3grafo: Leonardo Pakarati\u200b<\/p>\n\n\n\n<p class=\"wp-block-paragraph\">Sonido Directo: Paula Rossetti<\/p>\n\n\n\n<p class=\"wp-block-paragraph\">\u200bDibujos: Gustavo B\u00f3rquez (@taku_art77)\u200b<\/p>\n\n\n\n<p class=\"wp-block-paragraph\">Animaci\u00f3n: Marcelo Silva\u200b<\/p>\n\n\n\n<p class=\"wp-block-paragraph\">Montaje: Diego Macho\u200b<\/p>\n\n\n\n<p class=\"wp-block-paragraph\">Postproducci\u00f3n de Audio: Ignacio Cubillos\u200b<\/p>\n\n\n\n<p class=\"wp-block-paragraph\">M\u00fasica Original: Ito Pakarati\u200b<\/p>\n\n\n\n<p class=\"wp-block-paragraph\">Poema Final: Heremeta Ventura\u200b<\/p>\n\n\n\n<p class=\"wp-block-paragraph\">Financiado por el European Research Council (Grant No. 80332, &#8216;Indigeneities in the 21st Century&#8217; &#8211; www.indigen.eu).<\/p>\n\n\n\n<figure class=\"wp-block-image size-full\"><img loading=\"lazy\" decoding=\"async\" width=\"650\" height=\"650\" src=\"https:\/\/ixtar.net\/wp-content\/uploads\/2026\/08\/IMG-20260817-WA0017.jpg\" alt=\"\" class=\"wp-image-954\" srcset=\"https:\/\/ixtar.net\/wp-content\/uploads\/2026\/08\/IMG-20260817-WA0017.jpg 650w, https:\/\/ixtar.net\/wp-content\/uploads\/2026\/08\/IMG-20260817-WA0017-300x300.jpg 300w, https:\/\/ixtar.net\/wp-content\/uploads\/2026\/08\/IMG-20260817-WA0017-150x150.jpg 150w, https:\/\/ixtar.net\/wp-content\/uploads\/2026\/08\/IMG-20260817-WA0017-570x570.jpg 570w, https:\/\/ixtar.net\/wp-content\/uploads\/2026\/08\/IMG-20260817-WA0017-500x500.jpg 500w\" sizes=\"auto, (max-width: 650px) 100vw, 650px\" \/><\/figure>\n\n\n\n<p class=\"wp-block-paragraph\"><\/p>\n","protected":false},"excerpt":{"rendered":"<p>Tras el inicio de las actividades, el certamen da un paso decisivo en su programaci\u00f3n. El pr\u00f3ximo s\u00e1bado 5 de septiembre a las 20:30 horas queda inaugurada oficialmente la Selecci\u00f3n Oficial de la XXVII MOSTRA IXTAR CURTS. Para abrir esta esperada jornada de exhibici\u00f3n, se&#8230;<\/p>\n","protected":false},"author":2,"featured_media":980,"comment_status":"open","ping_status":"open","sticky":false,"template":"","format":"standard","meta":{"_jetpack_memberships_contains_paid_content":false,"footnotes":""},"categories":[1,113,114],"tags":[],"class_list":["post-979","post","type-post","status-publish","format-standard","has-post-thumbnail","hentry","category-curts","category-edicion-2026","category-noticias-2026"],"jetpack_featured_media_url":"https:\/\/ixtar.net\/wp-content\/uploads\/2026\/08\/IMG-20260828-WA0007.jpg","jetpack_sharing_enabled":true,"_links":{"self":[{"href":"https:\/\/ixtar.net\/es\/wp-json\/wp\/v2\/posts\/979","targetHints":{"allow":["GET"]}}],"collection":[{"href":"https:\/\/ixtar.net\/es\/wp-json\/wp\/v2\/posts"}],"about":[{"href":"https:\/\/ixtar.net\/es\/wp-json\/wp\/v2\/types\/post"}],"author":[{"embeddable":true,"href":"https:\/\/ixtar.net\/es\/wp-json\/wp\/v2\/users\/2"}],"replies":[{"embeddable":true,"href":"https:\/\/ixtar.net\/es\/wp-json\/wp\/v2\/comments?post=979"}],"version-history":[{"count":5,"href":"https:\/\/ixtar.net\/es\/wp-json\/wp\/v2\/posts\/979\/revisions"}],"predecessor-version":[{"id":1002,"href":"https:\/\/ixtar.net\/es\/wp-json\/wp\/v2\/posts\/979\/revisions\/1002"}],"wp:featuredmedia":[{"embeddable":true,"href":"https:\/\/ixtar.net\/es\/wp-json\/wp\/v2\/media\/980"}],"wp:attachment":[{"href":"https:\/\/ixtar.net\/es\/wp-json\/wp\/v2\/media?parent=979"}],"wp:term":[{"taxonomy":"category","embeddable":true,"href":"https:\/\/ixtar.net\/es\/wp-json\/wp\/v2\/categories?post=979"},{"taxonomy":"post_tag","embeddable":true,"href":"https:\/\/ixtar.net\/es\/wp-json\/wp\/v2\/tags?post=979"}],"curies":[{"name":"wp","href":"https:\/\/api.w.org\/{rel}","templated":true}]}}